{"id":1306,"date":"2021-05-12T17:31:34","date_gmt":"2021-05-12T17:31:34","guid":{"rendered":"https:\/\/www.saveo.ro\/blog\/?p=1306"},"modified":"2021-05-12T17:33:16","modified_gmt":"2021-05-12T17:33:16","slug":"crama-visinescu-domeniile-sahateni","status":"publish","type":"post","link":"https:\/\/www.saveo.ro\/blog\/crama-visinescu-domeniile-sahateni","title":{"rendered":"Crama Vi\u0219inescu &#8211; Domeniile S\u0103h\u0103teni"},"content":{"rendered":"<p><span style=\"font-size: 12pt;font-family: georgia, palatino, serif\">Viile Crama Vi\u0219inescu se afl\u0103 situate \u00een mijlocul zonei viticole Dealu Mare. Este o zon\u0103 foarte cunoscut\u0103 datorit\u0103 calit\u0103\u021bii strugurilor \u015fi a produc\u0163iei viticole.\u00a0 Cele 82 hectare ale companiei se afl\u0103 \u00een satele S\u0103h\u0103teni, Naeni \u0219i Fin\u0163e\u015fti \u015fi beneficiaz\u0103 de expunere spre partea de sud. Pivni\u0163a subteran\u0103 este dotat\u0103 cu butoaie \u015fi barrique-uri din stejar.<\/span><\/p>\n<h4><span style=\"font-size: 12pt;font-family: georgia, palatino, serif\"><strong>Istorie<\/strong><\/span><\/h4>\n<p><span style=\"font-size: 12pt;font-family: georgia, palatino, serif\">Povestea acestei crame a luat na\u0219tere \u00een anul 2003, atunci c\u00e2nd Aurelia Vi\u0219inescu a pus bazele companiei Domeniile S\u0103h\u0103teni, av\u00e2nd sprijin din partea asociatului s\u0103u, Steve Cacenco. Aureli Vi\u0219inescu este foarte \u00eendr\u0103gostit\u0103 de natur\u0103 \u0219i astfel a \u00eenceput s\u0103 studieze enologia, afl\u00e2ndu-se la Unviersitatea de Horticultur\u0103 \u00een ultimii ani de studiu. Ea a fost foarte atras\u0103 \u0219i fascinat\u0103 de povestea din spatele b\u0103uturii lui Bahus. Pasiunea pentru vin a dat roade iar rezultatele nu au \u00eent\u00e2rziat s\u0103 apar\u0103, \u0219i anume, visul s\u0103u de a avea propriile planta\u021bii \u0219i propria cram\u0103. Ast\u0103zi, Crama Vi\u0219inescu \/ Domeniile S\u0103h\u0103teni reune\u0219te 82 ha de vi\u021b\u0103 de vie. De asemenea, are \u0219i o unitate de vinificatie cu capacitate de p\u00e2n\u0103 la 1.000.000 sticle pe sezon. Colec\u021bia de vinuri pe care o de\u021bine este urm\u0103toarea: Nomad, Artisan, Karakter, Anima, Arbora, Signum, Promessa.<\/span><\/p>\n<h4><span style=\"font-size: 12pt;font-family: georgia, palatino, serif\"><strong>Nomad<\/strong><\/span><\/h4>\n<p><span style=\"font-size: 12pt;font-family: georgia, palatino, serif\">Nomad este un vin pe care Aurelia Vi\u0219inescu l-a avut \u00een g\u00e2nd atunci c\u00e2nd s-a \u00eentors din podgoriile Lumii Noi. Vinul Nomad de la Crama Vi\u0219inescu este un vin modern, ce te \u00eendeamn\u0103 c\u0103tre experien\u021be noi \u0219i leag\u0103 oamenii \u00eentre ei \u00eentr-un mod pl\u0103cut. Cu acest tip de vin, g\u0103se\u0219ti drumul c\u0103tre pove\u0219ti inedite \u0219i sim\u021bi c\u0103 tr\u0103ie\u0219ti o bucat\u0103 muzical\u0103 sau te bucuri de aroma artei culinare. Lumea este un puzzle pe care \u00eel po\u021bi rezolva numai dac\u0103 serve\u0219ti un pahar de Nomad.<\/span><\/p>\n<h4><span style=\"font-size: 12pt;font-family: georgia, palatino, serif\"><strong>Artisan<\/strong><\/span><\/h4>\n<p><span style=\"font-size: 12pt;font-family: georgia, palatino, serif\">Artisan este dedicat soiurilor rom\u00e2ne\u0219ti. Este specific zonei Dealu Mare \u0219i, desigur, poart\u0103 semn\u0103tura \u0219i personalitatea Aureliei Vi\u0219inescu. Datorit\u0103 acestui lucru, acest vin, Artisan, nu dore\u0219te a fi un vin perfect sau standard, ci mai degrab\u0103, sunt vinuri vii. Este o linie de vinuri perfect\u0103 dac\u0103 vrei s\u0103 \u00eencerci ceva nou.<\/span><\/p>\n<h4><span style=\"font-size: 12pt;font-family: georgia, palatino, serif\"><strong>Karakter<\/strong><\/span><\/h4>\n<p><span style=\"font-size: 12pt;font-family: georgia, palatino, serif\">Karakter, a\u0219a cum reiese \u0219i din numele s\u0103u, este un vin cu caracter, care vorbe\u0219te despre minu\u0103\u021biile p\u0103m\u00e2ntului. Este dedicat soiurilor interna\u021bionale \u0219i te surprind \u00eenc\u0103 de la prima degustare, m\u00e2ng\u00e2indu-\u021bi papilele gustative. Vinuri cu personalitate \u0219i mult\u0103 modestie.<\/span><\/p>\n<h4><span style=\"font-size: 12pt;font-family: georgia, palatino, serif\"><strong>Anima<\/strong><\/span><\/h4>\n<p><span style=\"font-size: 12pt;font-family: georgia, palatino, serif\">Anima este un lot limitat fiind rezultatul celor mai buni struguri din cei mai buni ani. Anima reprezint\u0103 sensibilitatea \u0219i pasiunea Aureliei Vi\u0219inescu. Aceasta a transpus aceste calit\u0103\u021bi \u00een acest vin, cre\u00e2nd o serie limitat\u0103 a\u0219a cum sunt toate lucrurile de calitate. Are un gust luxuriant \u0219i este plin de surprize.<\/span><\/p>\n<h4><span style=\"font-size: 12pt;font-family: georgia, palatino, serif\"><strong>Arbora<\/strong><\/span><\/h4>\n<p><span style=\"font-size: 12pt;font-family: georgia, palatino, serif\">Arbora reprezint\u0103 evolu\u021bia complet\u0103 a vie\u021bii \u0219i este un rod al naturii. Este un vin viu, \u00eentr-o continu\u0103 evolu\u021bie.<\/span><\/p>\n<h4><span style=\"font-size: 12pt;font-family: georgia, palatino, serif\"><strong>Signum<\/strong><\/span><\/h4>\n<p><span style=\"font-size: 12pt;font-family: georgia, palatino, serif\">Vinurile Signum reprezint\u0103 pasiunea pentru enologie dar \u0219i dragostea pentru natur\u0103. Aceste vinuri sunt destinate descoperirii.<\/span><\/p>\n<h4><span style=\"font-size: 12pt;font-family: georgia, palatino, serif\"><strong>Promessa<\/strong><\/span><\/h4>\n<p><span style=\"font-size: 12pt;font-family: georgia, palatino, serif\">Nu promitem nimic. Promisiunile se fac doar atunci c\u00e2nd se pot onora. Acesta un motto dup\u0103 care se ghideaz\u0103 acest vin. De altfel, vinul aduce cu el calitate, savoare \u0219i bun\u0103 dispozi\u021bie.<\/span><\/p>\n<p><span style=\"font-size: 12pt;font-family: georgia, palatino, serif\">Dac\u0103 vrei s\u0103 ajungi aici, la Crama Vi\u0219inescu, accesul se face din Drumul Na\u021bional 1B, aflat la 7km de ora\u0219ul Mizil.<\/span><\/p>\n<p>&nbsp;<\/p>\n","protected":false},"excerpt":{"rendered":"<p>Viile Crama Vi\u0219inescu se afl\u0103 situate \u00een mijlocul zonei viticole Dealu Mare. Este o zon\u0103 foarte cunoscut\u0103 datorit\u0103 calit\u0103\u021bii strugurilor \u015fi a produc\u0163iei viticole.\u00a0 Cele 82 hectare ale companiei se afl\u0103 \u00een satele S\u0103h\u0103teni, Naeni \u0219i Fin\u0163e\u015fti \u015fi beneficiaz\u0103 de expunere spre partea de sud. Pivni\u0163a subteran\u0103 este dotat\u0103 cu butoaie \u015fi barrique-uri din stejar. &hellip;<\/p>\n<p class=\"read-more\"> <a class=\"\" href=\"https:\/\/www.saveo.ro\/blog\/crama-visinescu-domeniile-sahateni\"> <span class=\"screen-reader-text\">Crama Vi\u0219inescu &#8211; Domeniile S\u0103h\u0103teni<\/span> Citeste mai mult &raquo;<\/a><\/p>\n","protected":false},"author":4,"featured_media":1307,"comment_status":"open","ping_status":"open","sticky":false,"template":"","format":"standard","meta":[],"categories":[11],"tags":[],"yoast_head":"<!-- This site is optimized with the Yoast SEO Premium plugin v16.9 (Yoast SEO v17.1) - https:\/\/yoast.com\/wordpress\/plugins\/seo\/ -->\n<title>Crama Vi\u0219inescu - Domeniile S\u0103h\u0103teni, un vin pentru suflet<\/title>\n<meta name=\"description\" content=\"Crama Vi\u0219inescu \u0219i-a \u00eenceput activitatea \u00een anul 2003, c\u00e2nd eonologul Aurelia Vi\u0219inescu a fondat compania Domeniile S\u0103h\u0103teni.\" \/>\n<meta name=\"robots\" content=\"index, follow, max-snippet:-1, max-image-preview:large, max-video-preview:-1\" \/>\n<link rel=\"canonical\" href=\"https:\/\/www.saveo.ro\/blog\/crama-visinescu-domeniile-sahateni\" \/>\n<meta property=\"og:locale\" content=\"ro_RO\" \/>\n<meta property=\"og:type\" content=\"article\" \/>\n<meta property=\"og:title\" content=\"Crama Vi\u0219inescu - Domeniile S\u0103h\u0103teni\" \/>\n<meta property=\"og:description\" content=\"Crama Vi\u0219inescu \u0219i-a \u00eenceput activitatea \u00een anul 2003, c\u00e2nd eonologul Aurelia Vi\u0219inescu a fondat compania Domeniile S\u0103h\u0103teni.\" \/>\n<meta property=\"og:url\" content=\"https:\/\/www.saveo.ro\/blog\/crama-visinescu-domeniile-sahateni\" \/>\n<meta property=\"og:site_name\" content=\"Saveo Blog\" \/>\n<meta property=\"article:publisher\" content=\"https:\/\/www.facebook.com\/SaveoRomania\" \/>\n<meta property=\"article:published_time\" content=\"2021-05-12T17:31:34+00:00\" \/>\n<meta property=\"article:modified_time\" content=\"2021-05-12T17:33:16+00:00\" \/>\n<meta property=\"og:image\" content=\"https:\/\/www.saveo.ro\/blog\/wp-content\/uploads\/2021\/05\/crama-visinescu.jpg\" \/>\n\t<meta property=\"og:image:width\" content=\"1000\" \/>\n\t<meta property=\"og:image:height\" content=\"750\" \/>\n<meta name=\"twitter:card\" content=\"summary_large_image\" \/>\n<script type=\"application\/ld+json\" class=\"yoast-schema-graph\">{\"@context\":\"https:\/\/schema.org\",\"@graph\":[{\"@type\":\"Organization\",\"@id\":\"https:\/\/www.saveo.ro\/blog\/#organization\",\"name\":\"Saveo - magazinul tau de cafea, bauturi alcoolice si complementare\",\"url\":\"https:\/\/www.saveo.ro\/blog\/\",\"sameAs\":[\"https:\/\/www.facebook.com\/SaveoRomania\"],\"logo\":{\"@type\":\"ImageObject\",\"@id\":\"https:\/\/www.saveo.ro\/blog\/#logo\",\"inLanguage\":\"ro-RO\",\"url\":\"https:\/\/www.saveo.ro\/blog\/wp-content\/uploads\/2019\/06\/logo.png\",\"contentUrl\":\"https:\/\/www.saveo.ro\/blog\/wp-content\/uploads\/2019\/06\/logo.png\",\"width\":538,\"height\":300,\"caption\":\"Saveo - magazinul tau de cafea, bauturi alcoolice si complementare\"},\"image\":{\"@id\":\"https:\/\/www.saveo.ro\/blog\/#logo\"}},{\"@type\":\"WebSite\",\"@id\":\"https:\/\/www.saveo.ro\/blog\/#website\",\"url\":\"https:\/\/www.saveo.ro\/blog\/\",\"name\":\"Saveo Blog\",\"description\":\"\",\"publisher\":{\"@id\":\"https:\/\/www.saveo.ro\/blog\/#organization\"},\"potentialAction\":[{\"@type\":\"SearchAction\",\"target\":{\"@type\":\"EntryPoint\",\"urlTemplate\":\"https:\/\/www.saveo.ro\/blog\/?s={search_term_string}\"},\"query-input\":\"required name=search_term_string\"}],\"inLanguage\":\"ro-RO\"},{\"@type\":\"ImageObject\",\"@id\":\"https:\/\/www.saveo.ro\/blog\/crama-visinescu-domeniile-sahateni#primaryimage\",\"inLanguage\":\"ro-RO\",\"url\":\"https:\/\/www.saveo.ro\/blog\/wp-content\/uploads\/2021\/05\/crama-visinescu.jpg\",\"contentUrl\":\"https:\/\/www.saveo.ro\/blog\/wp-content\/uploads\/2021\/05\/crama-visinescu.jpg\",\"width\":1000,\"height\":750,\"caption\":\"crama visinescu\"},{\"@type\":\"WebPage\",\"@id\":\"https:\/\/www.saveo.ro\/blog\/crama-visinescu-domeniile-sahateni#webpage\",\"url\":\"https:\/\/www.saveo.ro\/blog\/crama-visinescu-domeniile-sahateni\",\"name\":\"Crama Vi\\u0219inescu - Domeniile S\\u0103h\\u0103teni, un vin pentru suflet\",\"isPartOf\":{\"@id\":\"https:\/\/www.saveo.ro\/blog\/#website\"},\"primaryImageOfPage\":{\"@id\":\"https:\/\/www.saveo.ro\/blog\/crama-visinescu-domeniile-sahateni#primaryimage\"},\"datePublished\":\"2021-05-12T17:31:34+00:00\",\"dateModified\":\"2021-05-12T17:33:16+00:00\",\"description\":\"Crama Vi\\u0219inescu \\u0219i-a \\u00eenceput activitatea \\u00een anul 2003, c\\u00e2nd eonologul Aurelia Vi\\u0219inescu a fondat compania Domeniile S\\u0103h\\u0103teni.\",\"breadcrumb\":{\"@id\":\"https:\/\/www.saveo.ro\/blog\/crama-visinescu-domeniile-sahateni#breadcrumb\"},\"inLanguage\":\"ro-RO\",\"potentialAction\":[{\"@type\":\"ReadAction\",\"target\":[\"https:\/\/www.saveo.ro\/blog\/crama-visinescu-domeniile-sahateni\"]}]},{\"@type\":\"BreadcrumbList\",\"@id\":\"https:\/\/www.saveo.ro\/blog\/crama-visinescu-domeniile-sahateni#breadcrumb\",\"itemListElement\":[{\"@type\":\"ListItem\",\"position\":1,\"name\":\"Prima pagin\\u0103\",\"item\":\"https:\/\/www.saveo.ro\/blog\/\"},{\"@type\":\"ListItem\",\"position\":2,\"name\":\"Crama Vi\\u0219inescu &#8211; Domeniile S\\u0103h\\u0103teni\"}]},{\"@type\":\"Article\",\"@id\":\"https:\/\/www.saveo.ro\/blog\/crama-visinescu-domeniile-sahateni#article\",\"isPartOf\":{\"@id\":\"https:\/\/www.saveo.ro\/blog\/crama-visinescu-domeniile-sahateni#webpage\"},\"author\":{\"@id\":\"\"},\"headline\":\"Crama Vi\\u0219inescu &#8211; Domeniile S\\u0103h\\u0103teni\",\"datePublished\":\"2021-05-12T17:31:34+00:00\",\"dateModified\":\"2021-05-12T17:33:16+00:00\",\"mainEntityOfPage\":{\"@id\":\"https:\/\/www.saveo.ro\/blog\/crama-visinescu-domeniile-sahateni#webpage\"},\"wordCount\":590,\"commentCount\":0,\"publisher\":{\"@id\":\"https:\/\/www.saveo.ro\/blog\/#organization\"},\"image\":{\"@id\":\"https:\/\/www.saveo.ro\/blog\/crama-visinescu-domeniile-sahateni#primaryimage\"},\"thumbnailUrl\":\"https:\/\/www.saveo.ro\/blog\/wp-content\/uploads\/2021\/05\/crama-visinescu.jpg\",\"articleSection\":[\"Crame Vinuri\"],\"inLanguage\":\"ro-RO\",\"potentialAction\":[{\"@type\":\"CommentAction\",\"name\":\"Comment\",\"target\":[\"https:\/\/www.saveo.ro\/blog\/crama-visinescu-domeniile-sahateni#respond\"]}]},{\"@type\":\"Person\",\"@id\":\"\"}]}<\/script>\n<!-- \/ Yoast SEO Premium plugin. -->","yoast_head_json":{"title":"Crama Vi\u0219inescu - Domeniile S\u0103h\u0103teni, un vin pentru suflet","description":"Crama Vi\u0219inescu \u0219i-a \u00eenceput activitatea \u00een anul 2003, c\u00e2nd eonologul Aurelia Vi\u0219inescu a fondat compania Domeniile S\u0103h\u0103teni.","robots":{"index":"index","follow":"follow","max-snippet":"max-snippet:-1","max-image-preview":"max-image-preview:large","max-video-preview":"max-video-preview:-1"},"canonical":"https:\/\/www.saveo.ro\/blog\/crama-visinescu-domeniile-sahateni","og_locale":"ro_RO","og_type":"article","og_title":"Crama Vi\u0219inescu - Domeniile S\u0103h\u0103teni","og_description":"Crama Vi\u0219inescu \u0219i-a \u00eenceput activitatea \u00een anul 2003, c\u00e2nd eonologul Aurelia Vi\u0219inescu a fondat compania Domeniile S\u0103h\u0103teni.","og_url":"https:\/\/www.saveo.ro\/blog\/crama-visinescu-domeniile-sahateni","og_site_name":"Saveo Blog","article_publisher":"https:\/\/www.facebook.com\/SaveoRomania","article_published_time":"2021-05-12T17:31:34+00:00","article_modified_time":"2021-05-12T17:33:16+00:00","og_image":[{"width":1000,"height":750,"url":"https:\/\/www.saveo.ro\/blog\/wp-content\/uploads\/2021\/05\/crama-visinescu.jpg","path":"\/home\/saveo\/public_html\/blog\/wp-content\/uploads\/2021\/05\/crama-visinescu.jpg","size":"full","id":1307,"alt":"crama visinescu","pixels":750000,"type":"image\/jpeg"}],"twitter_card":"summary_large_image","schema":{"@context":"https:\/\/schema.org","@graph":[{"@type":"Organization","@id":"https:\/\/www.saveo.ro\/blog\/#organization","name":"Saveo - magazinul tau de cafea, bauturi alcoolice si complementare","url":"https:\/\/www.saveo.ro\/blog\/","sameAs":["https:\/\/www.facebook.com\/SaveoRomania"],"logo":{"@type":"ImageObject","@id":"https:\/\/www.saveo.ro\/blog\/#logo","inLanguage":"ro-RO","url":"https:\/\/www.saveo.ro\/blog\/wp-content\/uploads\/2019\/06\/logo.png","contentUrl":"https:\/\/www.saveo.ro\/blog\/wp-content\/uploads\/2019\/06\/logo.png","width":538,"height":300,"caption":"Saveo - magazinul tau de cafea, bauturi alcoolice si complementare"},"image":{"@id":"https:\/\/www.saveo.ro\/blog\/#logo"}},{"@type":"WebSite","@id":"https:\/\/www.saveo.ro\/blog\/#website","url":"https:\/\/www.saveo.ro\/blog\/","name":"Saveo Blog","description":"","publisher":{"@id":"https:\/\/www.saveo.ro\/blog\/#organization"},"potentialAction":[{"@type":"SearchAction","target":{"@type":"EntryPoint","urlTemplate":"https:\/\/www.saveo.ro\/blog\/?s={search_term_string}"},"query-input":"required name=search_term_string"}],"inLanguage":"ro-RO"},{"@type":"ImageObject","@id":"https:\/\/www.saveo.ro\/blog\/crama-visinescu-domeniile-sahateni#primaryimage","inLanguage":"ro-RO","url":"https:\/\/www.saveo.ro\/blog\/wp-content\/uploads\/2021\/05\/crama-visinescu.jpg","contentUrl":"https:\/\/www.saveo.ro\/blog\/wp-content\/uploads\/2021\/05\/crama-visinescu.jpg","width":1000,"height":750,"caption":"crama visinescu"},{"@type":"WebPage","@id":"https:\/\/www.saveo.ro\/blog\/crama-visinescu-domeniile-sahateni#webpage","url":"https:\/\/www.saveo.ro\/blog\/crama-visinescu-domeniile-sahateni","name":"Crama Vi\u0219inescu - Domeniile S\u0103h\u0103teni, un vin pentru suflet","isPartOf":{"@id":"https:\/\/www.saveo.ro\/blog\/#website"},"primaryImageOfPage":{"@id":"https:\/\/www.saveo.ro\/blog\/crama-visinescu-domeniile-sahateni#primaryimage"},"datePublished":"2021-05-12T17:31:34+00:00","dateModified":"2021-05-12T17:33:16+00:00","description":"Crama Vi\u0219inescu \u0219i-a \u00eenceput activitatea \u00een anul 2003, c\u00e2nd eonologul Aurelia Vi\u0219inescu a fondat compania Domeniile S\u0103h\u0103teni.","breadcrumb":{"@id":"https:\/\/www.saveo.ro\/blog\/crama-visinescu-domeniile-sahateni#breadcrumb"},"inLanguage":"ro-RO","potentialAction":[{"@type":"ReadAction","target":["https:\/\/www.saveo.ro\/blog\/crama-visinescu-domeniile-sahateni"]}]},{"@type":"BreadcrumbList","@id":"https:\/\/www.saveo.ro\/blog\/crama-visinescu-domeniile-sahateni#breadcrumb","itemListElement":[{"@type":"ListItem","position":1,"name":"Prima pagin\u0103","item":"https:\/\/www.saveo.ro\/blog\/"},{"@type":"ListItem","position":2,"name":"Crama Vi\u0219inescu &#8211; Domeniile S\u0103h\u0103teni"}]},{"@type":"Article","@id":"https:\/\/www.saveo.ro\/blog\/crama-visinescu-domeniile-sahateni#article","isPartOf":{"@id":"https:\/\/www.saveo.ro\/blog\/crama-visinescu-domeniile-sahateni#webpage"},"author":{"@id":""},"headline":"Crama Vi\u0219inescu &#8211; Domeniile S\u0103h\u0103teni","datePublished":"2021-05-12T17:31:34+00:00","dateModified":"2021-05-12T17:33:16+00:00","mainEntityOfPage":{"@id":"https:\/\/www.saveo.ro\/blog\/crama-visinescu-domeniile-sahateni#webpage"},"wordCount":590,"commentCount":0,"publisher":{"@id":"https:\/\/www.saveo.ro\/blog\/#organization"},"image":{"@id":"https:\/\/www.saveo.ro\/blog\/crama-visinescu-domeniile-sahateni#primaryimage"},"thumbnailUrl":"https:\/\/www.saveo.ro\/blog\/wp-content\/uploads\/2021\/05\/crama-visinescu.jpg","articleSection":["Crame Vinuri"],"inLanguage":"ro-RO","potentialAction":[{"@type":"CommentAction","name":"Comment","target":["https:\/\/www.saveo.ro\/blog\/crama-visinescu-domeniile-sahateni#respond"]}]},{"@type":"Person","@id":""}]}},"_links":{"self":[{"href":"https:\/\/www.saveo.ro\/blog\/wp-json\/wp\/v2\/posts\/1306"}],"collection":[{"href":"https:\/\/www.saveo.ro\/blog\/wp-json\/wp\/v2\/posts"}],"about":[{"href":"https:\/\/www.saveo.ro\/blog\/wp-json\/wp\/v2\/types\/post"}],"author":[{"embeddable":true,"href":"https:\/\/www.saveo.ro\/blog\/wp-json\/wp\/v2\/users\/4"}],"replies":[{"embeddable":true,"href":"https:\/\/www.saveo.ro\/blog\/wp-json\/wp\/v2\/comments?post=1306"}],"version-history":[{"count":5,"href":"https:\/\/www.saveo.ro\/blog\/wp-json\/wp\/v2\/posts\/1306\/revisions"}],"predecessor-version":[{"id":1312,"href":"https:\/\/www.saveo.ro\/blog\/wp-json\/wp\/v2\/posts\/1306\/revisions\/1312"}],"wp:featuredmedia":[{"embeddable":true,"href":"https:\/\/www.saveo.ro\/blog\/wp-json\/wp\/v2\/media\/1307"}],"wp:attachment":[{"href":"https:\/\/www.saveo.ro\/blog\/wp-json\/wp\/v2\/media?parent=1306"}],"wp:term":[{"taxonomy":"category","embeddable":true,"href":"https:\/\/www.saveo.ro\/blog\/wp-json\/wp\/v2\/categories?post=1306"},{"taxonomy":"post_tag","embeddable":true,"href":"https:\/\/www.saveo.ro\/blog\/wp-json\/wp\/v2\/tags?post=1306"}],"curies":[{"name":"wp","href":"https:\/\/api.w.org\/{rel}","templated":true}]}}